{"id":2331,"date":"2025-11-24T13:59:01","date_gmt":"2025-11-24T11:59:01","guid":{"rendered":"https:\/\/digitaltwinproject.eu\/?p=2331"},"modified":"2025-11-26T10:50:28","modified_gmt":"2025-11-26T08:50:28","slug":"digital-twin-on-smart-manufacturing-launches-pilot-testings-across-europe","status":"publish","type":"post","link":"https:\/\/digitaltwinproject.eu\/es\/digital-twin-on-smart-manufacturing-launches-pilot-testings-across-europe\/","title":{"rendered":"El gemelo digital en la fabricaci\u00f3n inteligente lanza pruebas piloto en toda Europa"},"content":{"rendered":"<p>El <em>Gemelo digital en la fabricaci\u00f3n inteligente<\/em> El proyecto ha entrado oficialmente en una de sus fases m\u00e1s importantes: <strong>las pruebas piloto nacionales<\/strong>, que re\u00fane a estudiantes, docentes y profesionales de cinco pa\u00edses europeos. Esta etapa marca un hito importante en la validaci\u00f3n de los innovadores materiales de formaci\u00f3n, laboratorios virtuales y recursos de gemelos digitales del proyecto antes de su lanzamiento a gran escala.<\/p>\n\n\n\n<p>En las pr\u00f3ximas semanas, m\u00e1s de <strong>300 estudiantes<\/strong>, <strong>50 profesores<\/strong>, y <strong>100 empleados<\/strong> participar\u00e1 en sesiones piloto organizadas tanto <strong>en persona<\/strong> y <strong>en l\u00ednea<\/strong>. Estos eventos brindan a los estudiantes una oportunidad \u00fanica de explorar los m\u00f3dulos de capacitaci\u00f3n interactivos del proyecto, probar los laboratorios digitales gemelos virtuales y f\u00edsicos, y brindar retroalimentaci\u00f3n valiosa que ayudar\u00e1 a refinar la versi\u00f3n final del programa.<\/p>\n\n\n\n<figure class=\"wp-block-image size-large\"><img loading=\"lazy\" decoding=\"async\" width=\"1024\" height=\"576\" src=\"https:\/\/digitaltwinproject.eu\/wp-content\/uploads\/2025\/11\/event-1024x576.jpg\" alt=\"\" class=\"wp-image-2337\" srcset=\"https:\/\/digitaltwinproject.eu\/wp-content\/uploads\/2025\/11\/event-1024x576.jpg 1024w, https:\/\/digitaltwinproject.eu\/wp-content\/uploads\/2025\/11\/event-300x169.jpg 300w, https:\/\/digitaltwinproject.eu\/wp-content\/uploads\/2025\/11\/event-768x432.jpg 768w, https:\/\/digitaltwinproject.eu\/wp-content\/uploads\/2025\/11\/event-1536x864.jpg 1536w, https:\/\/digitaltwinproject.eu\/wp-content\/uploads\/2025\/11\/event-18x10.jpg 18w, https:\/\/digitaltwinproject.eu\/wp-content\/uploads\/2025\/11\/event.jpg 1920w\" sizes=\"auto, (max-width: 1024px) 100vw, 1024px\" \/><\/figure>\n\n\n\n<h2 class=\"wp-block-heading\"><strong>Eventos piloto en cinco pa\u00edses<\/strong><\/h2>\n\n\n\n<p>Todos los socios del proyecto est\u00e1n llevando a cabo pruebas piloto nacionales en sus respectivas regiones:<\/p>\n\n\n\n<ul class=\"wp-block-list\">\n<li><strong>Italia (APRO Formaci\u00f3n)<\/strong><br>Se realizar\u00e1n dos sesiones presenciales los d\u00edas 4 y 16 de diciembre de 2025, complementadas con eventos en l\u00ednea los d\u00edas 26 y 27 de noviembre. Los participantes experimentar\u00e1n la plataforma de formaci\u00f3n completa y recibir\u00e1n orientaci\u00f3n directamente del equipo de coordinaci\u00f3n de APRO.\n<ul class=\"wp-block-list\">\n<li>Inscripci\u00f3n para los eventos en vivo \u2013 <a href=\"https:\/\/docs.google.com\/forms\/d\/e\/1FAIpQLSezcNfUlhvXGdCo9W5mhPuECJRMtv8i_38217TW5UvqgqLbKg\/viewform\" rel=\"nofollow noopener\" target=\"_blank\">aqu\u00ed<\/a>. El 4 de diciembre el anfitri\u00f3n ser\u00e1 Apro Formazione ALBA (CN) \u2013 Strada Castelgherlone 2\/A, y el 16 de diciembre \u2013 Apro Formazione CANELLI (AT), Via dei Prati 16<\/li>\n\n\n\n<li>Inscripci\u00f3n al evento online del 26 de noviembre (en italiano) \u2013 <a href=\"https:\/\/docs.google.com\/forms\/d\/e\/1FAIpQLSe8iJskhy7NB2pu1quoM6TQCkZFkyF6Ag_2gjuZAh3GJCHYOg\/viewform\" rel=\"nofollow noopener\" target=\"_blank\">aqu\u00ed<\/a><\/li>\n\n\n\n<li>Inscripci\u00f3n al evento online del 27 de noviembre (en ingl\u00e9s) \u2013 <a href=\"https:\/\/docs.google.com\/forms\/d\/e\/1FAIpQLSdxDAfx9_U7-oKn4Ifxg4I83lgXXVKMRvG4faxPTGnhZc81yQ\/viewform\" rel=\"nofollow noopener\" target=\"_blank\">aqu\u00ed<\/a>. Una invitada especial a este evento ser\u00e1 Raffaella Menconi, Jefa del Programa de Educaci\u00f3n de Siemens Italia, socio asociado del proyecto. <\/li>\n<\/ul>\n<\/li>\n\n\n\n<li><strong>Grecia (Universidad Hel\u00e9nica Mediterr\u00e1nea)<\/strong><br>Un evento presencial celebrado el 20 de noviembre reuni\u00f3 a estudiantes y educadores deseosos de explorar las aplicaciones de Digital Twin en la fabricaci\u00f3n inteligente.<\/li>\n\n\n\n<li><strong>Suecia (G\u00f6teborgs Tekniska College)<\/strong><br>El 20 de noviembre, GTC organiz\u00f3 su sesi\u00f3n piloto nacional, centrada en la interacci\u00f3n pr\u00e1ctica con los laboratorios virtuales del proyecto.<\/li>\n\n\n\n<li><strong>Espa\u00f1a (Politeknika Txorierri)<\/strong><br>La prueba piloto espa\u00f1ola se llevar\u00e1 a cabo el 21 de noviembre y dar\u00e1 la bienvenida a estudiantes de formaci\u00f3n profesional y representantes de la industria interesados en tecnolog\u00edas de fabricaci\u00f3n avanzadas.<\/li>\n\n\n\n<li><strong>Bulgaria (Universidad de Ruse \u201cAngel Kanchev\u201d)<\/strong><br>Programado para diciembre de 2025, el evento piloto b\u00falgaro conectar\u00e1 a estudiantes y profesores locales con la plataforma Digital Twin a trav\u00e9s de demostraciones en vivo y ejercicios pr\u00e1cticos.<\/li>\n<\/ul>\n\n\n\n<h2 class=\"wp-block-heading\"><strong>Un paso clave antes de las competiciones internacionales de habilidades<\/strong><\/h2>\n\n\n\n<p>Estos eventos piloto cumplen una doble funci\u00f3n: no solo ayudan a perfeccionar el contenido de capacitaci\u00f3n del proyecto, sino que tambi\u00e9n preparan a los participantes para el pr\u00f3ximo <strong>Competiciones de habilidades nacionales e internacionales<\/strong>, que se llevar\u00e1 a cabo a lo largo de 2026. La retroalimentaci\u00f3n recopilada durante la fase piloto apoyar\u00e1 directamente el desarrollo de ejercicios, criterios de evaluaci\u00f3n y desaf\u00edos pr\u00e1cticos que enfrentar\u00e1n los competidores.<\/p>\n\n\n\n<h2 class=\"wp-block-heading\"><strong>Construyendo una comunidad europea en torno a las tecnolog\u00edas de gemelos digitales<\/strong><\/h2>\n\n\n\n<p>La s\u00f3lida participaci\u00f3n en la fase piloto refleja la creciente demanda de competencias digitales en la industria manufacturera. Al reunir a instituciones educativas, centros de formaci\u00f3n y socios industriales, el proyecto fomenta una red europea din\u00e1mica, preparada para adoptar e implementar tecnolog\u00edas de Gemelo Digital en contextos industriales reales.<\/p>\n\n\n\n<p>A medida que avancen las pruebas piloto, el consorcio seguir\u00e1 compartiendo actualizaciones, conocimientos y oportunidades de participaci\u00f3n.<\/p>","protected":false},"excerpt":{"rendered":"<p>El proyecto Digital Twin on Smart Manufacturing ha entrado oficialmente en una de sus fases m\u00e1s importantes: la prueba piloto nacional\u2026<\/p>","protected":false},"author":5,"featured_media":2337,"comment_status":"open","ping_status":"","sticky":false,"template":"","format":"standard","meta":{"_acf_changed":false,"_kad_blocks_custom_css":"","_kad_blocks_head_custom_js":"","_kad_blocks_body_custom_js":"","_kad_blocks_footer_custom_js":"","_kad_post_transparent":"","_kad_post_title":"","_kad_post_layout":"","_kad_post_sidebar_id":"","_kad_post_content_style":"","_kad_post_vertical_padding":"","_kad_post_feature":"","_kad_post_feature_position":"","_kad_post_header":false,"_kad_post_footer":false,"_kad_post_classname":"","footnotes":""},"categories":[78],"tags":[],"class_list":["post-2331","post","type-post","status-publish","format-standard","has-post-thumbnail","hentry","category-events-and-announcements"],"acf":[],"taxonomy_info":{"category":[{"value":78,"label":"Events and Announcements"}]},"featured_image_src_large":["https:\/\/digitaltwinproject.eu\/wp-content\/uploads\/2025\/11\/event-1024x576.jpg",1024,576,true],"author_info":{"display_name":"Nikolay Tsolev (RCCI)","author_link":"https:\/\/digitaltwinproject.eu\/es\/author\/ntsolev\/"},"comment_info":0,"category_info":[{"term_id":78,"name":"Events and Announcements","slug":"events-and-announcements","term_group":0,"term_taxonomy_id":78,"taxonomy":"category","description":"","parent":0,"count":11,"filter":"raw","cat_ID":78,"category_count":11,"category_description":"","cat_name":"Events and Announcements","category_nicename":"events-and-announcements","category_parent":0}],"tag_info":false,"_links":{"self":[{"href":"https:\/\/digitaltwinproject.eu\/es\/wp-json\/wp\/v2\/posts\/2331","targetHints":{"allow":["GET"]}}],"collection":[{"href":"https:\/\/digitaltwinproject.eu\/es\/wp-json\/wp\/v2\/posts"}],"about":[{"href":"https:\/\/digitaltwinproject.eu\/es\/wp-json\/wp\/v2\/types\/post"}],"author":[{"embeddable":true,"href":"https:\/\/digitaltwinproject.eu\/es\/wp-json\/wp\/v2\/users\/5"}],"replies":[{"embeddable":true,"href":"https:\/\/digitaltwinproject.eu\/es\/wp-json\/wp\/v2\/comments?post=2331"}],"version-history":[{"count":4,"href":"https:\/\/digitaltwinproject.eu\/es\/wp-json\/wp\/v2\/posts\/2331\/revisions"}],"predecessor-version":[{"id":2339,"href":"https:\/\/digitaltwinproject.eu\/es\/wp-json\/wp\/v2\/posts\/2331\/revisions\/2339"}],"wp:featuredmedia":[{"embeddable":true,"href":"https:\/\/digitaltwinproject.eu\/es\/wp-json\/wp\/v2\/media\/2337"}],"wp:attachment":[{"href":"https:\/\/digitaltwinproject.eu\/es\/wp-json\/wp\/v2\/media?parent=2331"}],"wp:term":[{"taxonomy":"category","embeddable":true,"href":"https:\/\/digitaltwinproject.eu\/es\/wp-json\/wp\/v2\/categories?post=2331"},{"taxonomy":"post_tag","embeddable":true,"href":"https:\/\/digitaltwinproject.eu\/es\/wp-json\/wp\/v2\/tags?post=2331"}],"curies":[{"name":"gracias","href":"https:\/\/api.w.org\/{rel}","templated":true}]}}