{"id":2567,"date":"2026-04-27T14:59:52","date_gmt":"2026-04-27T11:59:52","guid":{"rendered":"https:\/\/digitaltwinproject.eu\/?p=2567"},"modified":"2026-04-27T14:59:52","modified_gmt":"2026-04-27T11:59:52","slug":"politeknika-txorierri-showcases-innovation-at-lcamp-conference-with-the-digital-twins-workshop","status":"publish","type":"post","link":"https:\/\/digitaltwinproject.eu\/es\/politeknika-txorierri-showcases-innovation-at-lcamp-conference-with-the-digital-twins-workshop\/","title":{"rendered":"Politeknika Txorierri presenta innovaciones en la conferencia LCAMP con el taller sobre gemelos digitales."},"content":{"rendered":"<p>El proyecto Gemelos Digitales en la Fabricaci\u00f3n Inteligente se present\u00f3 con \u00e9xito durante la conferencia internacional LCAMP \u201cConexi\u00f3n Global para el Cambio Local\u201d, celebrada el 22 de abril en Vitoria-Gasteiz (Espa\u00f1a). El taller, titulado \u201cGemelos Digitales en la Fabricaci\u00f3n Inteligente\u201d, fue una de las sesiones clave dedicadas a la fabricaci\u00f3n avanzada y sirvi\u00f3 como una importante plataforma de promoci\u00f3n para el proyecto.<\/p>\n\n\n\n<p>La sesi\u00f3n reuni\u00f3 a 36 participantes de 9 pa\u00edses europeos: Espa\u00f1a, Bulgaria, Ruman\u00eda, Hungr\u00eda, Croacia, Polonia, Alemania, la Rep\u00fablica Checa y Portugal, lo que demuestra el gran inter\u00e9s internacional por las tecnolog\u00edas de gemelos digitales y su aplicaci\u00f3n en la formaci\u00f3n profesional.<\/p>\n\n\n\n<p>El taller fue impartido conjuntamente por APRO Formazione y Politeknika Txorierri, combinando perspectivas estrat\u00e9gicas y pr\u00e1cticas. Annalisa Rizzo, de APRO Formazione y coordinadora del proyecto, inaugur\u00f3 la sesi\u00f3n con una visi\u00f3n general de la iniciativa. Present\u00f3 los objetivos del proyecto, la colaboraci\u00f3n y el impacto previsto, destacando su misi\u00f3n de cerrar la brecha entre la educaci\u00f3n y la industria mediante la integraci\u00f3n de tecnolog\u00edas de gemelos digitales en los sistemas de formaci\u00f3n profesional.<\/p>\n\n\n\n<p>Tras esta introducci\u00f3n, Xabier Ugarte, profesor de la Politeknika Txorierri, gui\u00f3 a los participantes en una demostraci\u00f3n pr\u00e1ctica de los principales resultados del proyecto a trav\u00e9s de la plataforma de aprendizaje electr\u00f3nico. Los asistentes tuvieron la oportunidad de explorar los productos clave desarrollados en el marco del proyecto, entre los que se incluyen: el curso de formaci\u00f3n modular, la herramienta de autoevaluaci\u00f3n, los laboratorios virtuales y el sistema de microcredenciales, todos ellos dise\u00f1ados para apoyar itinerarios de perfeccionamiento flexibles y alineados con las necesidades del sector.<\/p>\n\n\n\n<p>Este enfoque pr\u00e1ctico permiti\u00f3 a los participantes experimentar directamente c\u00f3mo el proyecto traduce la innovaci\u00f3n en soluciones educativas concretas alineadas con las necesidades de la Industria 4.0.<\/p>\n\n\n\n<p>El car\u00e1cter interactivo del taller foment\u00f3 la participaci\u00f3n activa, el debate y el intercambio de ideas entre los asistentes, procedentes de distintos pa\u00edses y con diversas trayectorias profesionales. La sesi\u00f3n despert\u00f3 gran inter\u00e9s, y los participantes destacaron la relevancia, la calidad y la aplicabilidad de los resultados. Los organizadores recibieron comentarios muy positivos y felicitaciones por el trabajo realizado en el marco del proyecto.<\/p>\n\n\n\n<p>El proyecto Gemelos Digitales en la Fabricaci\u00f3n Inteligente tiene como objetivo dotar a estudiantes, docentes y profesionales de las competencias necesarias para dise\u00f1ar, simular y optimizar procesos industriales mediante tecnolog\u00edas digitales avanzadas. Aprovechando herramientas como la inteligencia artificial, la rob\u00f3tica y la ciberseguridad, el proyecto contribuye a fortalecer la transformaci\u00f3n digital y sostenible del sector manufacturero.<\/p>\n\n\n\n<p>Esta exitosa participaci\u00f3n en la Conferencia LCAMP refuerza la creciente visibilidad e impacto del proyecto a nivel europeo, al tiempo que destaca el papel clave de los socios para impulsar la innovaci\u00f3n en la formaci\u00f3n profesional y fomentar una colaboraci\u00f3n m\u00e1s estrecha entre la educaci\u00f3n y la industria.<\/p>\n\n\n\n<p><\/p>","protected":false},"excerpt":{"rendered":"<p>El proyecto Gemelos Digitales en la Fabricaci\u00f3n Inteligente se present\u00f3 con \u00e9xito durante la conferencia internacional LCAMP \u201cConexi\u00f3n Global para el Cambio Local\u201d\u2026<\/p>","protected":false},"author":15,"featured_media":2568,"comment_status":"open","ping_status":"","sticky":false,"template":"","format":"standard","meta":{"_acf_changed":false,"_kad_blocks_custom_css":"","_kad_blocks_head_custom_js":"","_kad_blocks_body_custom_js":"","_kad_blocks_footer_custom_js":"","_kad_post_transparent":"","_kad_post_title":"","_kad_post_layout":"","_kad_post_sidebar_id":"","_kad_post_content_style":"","_kad_post_vertical_padding":"","_kad_post_feature":"","_kad_post_feature_position":"","_kad_post_header":false,"_kad_post_footer":false,"_kad_post_classname":"","footnotes":""},"categories":[75],"tags":[],"class_list":["post-2567","post","type-post","status-publish","format-standard","has-post-thumbnail","hentry","category-project-news"],"acf":[],"taxonomy_info":{"category":[{"value":75,"label":"Project News"}]},"featured_image_src_large":["https:\/\/digitaltwinproject.eu\/wp-content\/uploads\/2026\/04\/20260422_154508-1024x768.jpg",1024,768,true],"author_info":{"display_name":"Miren Arrien (TXORIERRI)","author_link":"https:\/\/digitaltwinproject.eu\/es\/author\/marrien\/"},"comment_info":0,"category_info":[{"term_id":75,"name":"Project News","slug":"project-news","term_group":0,"term_taxonomy_id":75,"taxonomy":"category","description":"","parent":0,"count":25,"filter":"raw","cat_ID":75,"category_count":25,"category_description":"","cat_name":"Project News","category_nicename":"project-news","category_parent":0}],"tag_info":false,"_links":{"self":[{"href":"https:\/\/digitaltwinproject.eu\/es\/wp-json\/wp\/v2\/posts\/2567","targetHints":{"allow":["GET"]}}],"collection":[{"href":"https:\/\/digitaltwinproject.eu\/es\/wp-json\/wp\/v2\/posts"}],"about":[{"href":"https:\/\/digitaltwinproject.eu\/es\/wp-json\/wp\/v2\/types\/post"}],"author":[{"embeddable":true,"href":"https:\/\/digitaltwinproject.eu\/es\/wp-json\/wp\/v2\/users\/15"}],"replies":[{"embeddable":true,"href":"https:\/\/digitaltwinproject.eu\/es\/wp-json\/wp\/v2\/comments?post=2567"}],"version-history":[{"count":2,"href":"https:\/\/digitaltwinproject.eu\/es\/wp-json\/wp\/v2\/posts\/2567\/revisions"}],"predecessor-version":[{"id":2570,"href":"https:\/\/digitaltwinproject.eu\/es\/wp-json\/wp\/v2\/posts\/2567\/revisions\/2570"}],"wp:featuredmedia":[{"embeddable":true,"href":"https:\/\/digitaltwinproject.eu\/es\/wp-json\/wp\/v2\/media\/2568"}],"wp:attachment":[{"href":"https:\/\/digitaltwinproject.eu\/es\/wp-json\/wp\/v2\/media?parent=2567"}],"wp:term":[{"taxonomy":"category","embeddable":true,"href":"https:\/\/digitaltwinproject.eu\/es\/wp-json\/wp\/v2\/categories?post=2567"},{"taxonomy":"post_tag","embeddable":true,"href":"https:\/\/digitaltwinproject.eu\/es\/wp-json\/wp\/v2\/tags?post=2567"}],"curies":[{"name":"gracias","href":"https:\/\/api.w.org\/{rel}","templated":true}]}}