{"id":2382,"date":"2026-02-11T16:30:35","date_gmt":"2026-02-11T14:30:35","guid":{"rendered":"https:\/\/digitaltwinproject.eu\/?p=2382"},"modified":"2026-02-11T16:30:35","modified_gmt":"2026-02-11T14:30:35","slug":"digital-twin-project-to-be-showcased-at-siemens-education-tech-cafe","status":"publish","type":"post","link":"https:\/\/digitaltwinproject.eu\/it\/digital-twin-project-to-be-showcased-at-siemens-education-tech-cafe\/","title":{"rendered":"Il progetto Digital Twin sar\u00e0 presentato al Siemens Education Tech Caf\u00e8"},"content":{"rendered":"<p>Siamo orgogliosi di annunciare che il progetto Digital Twin sar\u00e0 presentato durante il primo Education Tech Caf\u00e9, organizzato da Siemens in Italia. Il primo numero dell&#039;evento \u00e8 dedicato all&#039;esplorazione del Digital Twin come leva strategica per modernizzare la didattica tecnica e colmare il divario tra istruzione e industria. Al centro di questo evento c&#039;\u00e8 il nostro <strong>\u201cGemello digitale nella produzione intelligente\u201d<\/strong> progetto: un&#039;iniziativa volta a trasformare il modo in cui vengono insegnate le competenze industriali in tutta Europa.<\/p>\n\n\n\n<p>Un momento clou dell&#039;evento sar\u00e0 la presentazione dell&#039;innovativa piattaforma di e-learning aperta del progetto. Sviluppata da un consorzio di 11 partner europei, questa piattaforma offre oltre 100 ore di corsi specificamente incentrati sulla tecnologia Siemens. Questa risorsa offre un&#039;opportunit\u00e0 unica per comprendere la crescente importanza dei gemelli digitali nella formazione tecnica e come possano essere integrati concretamente nei programmi didattici.<\/p>\n\n\n\n<h4 class=\"wp-block-heading\">Approfondimenti di esperti e scenari pratici<\/h4>\n\n\n\n<p>Il webinar presenta un programma completo, studiato per accompagnare i partecipanti dalla strategia di alto livello all&#039;applicazione pratica:<\/p>\n\n\n\n<ul class=\"wp-block-list\">\n<li><strong>Introduzione e prospettive<\/strong>: Siemens Italia <strong>Anna Bonandrini<\/strong> aprir\u00e0 la sessione, seguita da <strong>Franco Megali<\/strong> (VP Software per l&#039;industria digitale) e <strong>Raffaella Menconi<\/strong> (Responsabile della Formazione), che discuter\u00e0 degli scenari in evoluzione e delle prospettive future della tecnologia dei gemelli digitali.<\/li>\n\n\n\n<li><strong>Approfondimento della piattaforma<\/strong>: <strong>Annalisa Rizzo<\/strong> (Responsabile del progetto UE) e <strong>Stefano Antona<\/strong> (Responsabile Tecnico) da <strong>Apro Formazione<\/strong> presenter\u00e0 la piattaforma di e-learning, dimostrandone il ruolo nell&#039;innovazione e nella trasformazione dell&#039;istruzione tecnica.<\/li>\n\n\n\n<li><strong>Dal concetto alla pratica<\/strong>: <strong>Fabio Ottolini<\/strong>, Consulente presso <strong>ATS Italia<\/strong>, condivideranno le migliori pratiche e gli scenari di utilizzo nel mondo reale, mostrando come questi strumenti digitali funzionano in un contesto industriale professionale.<\/li>\n<\/ul>\n\n\n\n<p>Per maggiori informazioni e iscrizioni: <a href=\"https:\/\/it.webinar.siemens.com\/education-tech-cafe-digital-twin\/3ca3dce72013e0515510\/join\" rel=\"nofollow noopener\" target=\"_blank\">https:\/\/it.webinar.siemens.com\/education-tech-cafe-digital-twin\/3ca3dce72013e0515510\/join<\/a><\/p>\n\n\n\n<p><\/p>","protected":false},"excerpt":{"rendered":"<p>Siamo orgogliosi di annunciare che il progetto Digital Twin sar\u00e0 presentato durante il primo Education Tech Caf\u00e9, organizzato\u2026<\/p>","protected":false},"author":5,"featured_media":2383,"comment_status":"open","ping_status":"","sticky":false,"template":"","format":"standard","meta":{"_acf_changed":false,"_kad_blocks_custom_css":"","_kad_blocks_head_custom_js":"","_kad_blocks_body_custom_js":"","_kad_blocks_footer_custom_js":"","_kad_post_transparent":"","_kad_post_title":"","_kad_post_layout":"","_kad_post_sidebar_id":"","_kad_post_content_style":"","_kad_post_vertical_padding":"","_kad_post_feature":"","_kad_post_feature_position":"","_kad_post_header":false,"_kad_post_footer":false,"_kad_post_classname":"","footnotes":""},"categories":[75],"tags":[],"class_list":["post-2382","post","type-post","status-publish","format-standard","has-post-thumbnail","hentry","category-project-news"],"acf":[],"taxonomy_info":{"category":[{"value":75,"label":"Project News"}]},"featured_image_src_large":["https:\/\/digitaltwinproject.eu\/wp-content\/uploads\/2026\/02\/large-1024x576.jpg",1024,576,true],"author_info":{"display_name":"Nikolay Tsolev (RCCI)","author_link":"https:\/\/digitaltwinproject.eu\/it\/author\/ntsolev\/"},"comment_info":0,"category_info":[{"term_id":75,"name":"Project News","slug":"project-news","term_group":0,"term_taxonomy_id":75,"taxonomy":"category","description":"","parent":0,"count":25,"filter":"raw","cat_ID":75,"category_count":25,"category_description":"","cat_name":"Project News","category_nicename":"project-news","category_parent":0}],"tag_info":false,"_links":{"self":[{"href":"https:\/\/digitaltwinproject.eu\/it\/wp-json\/wp\/v2\/posts\/2382","targetHints":{"allow":["GET"]}}],"collection":[{"href":"https:\/\/digitaltwinproject.eu\/it\/wp-json\/wp\/v2\/posts"}],"about":[{"href":"https:\/\/digitaltwinproject.eu\/it\/wp-json\/wp\/v2\/types\/post"}],"author":[{"embeddable":true,"href":"https:\/\/digitaltwinproject.eu\/it\/wp-json\/wp\/v2\/users\/5"}],"replies":[{"embeddable":true,"href":"https:\/\/digitaltwinproject.eu\/it\/wp-json\/wp\/v2\/comments?post=2382"}],"version-history":[{"count":2,"href":"https:\/\/digitaltwinproject.eu\/it\/wp-json\/wp\/v2\/posts\/2382\/revisions"}],"predecessor-version":[{"id":2385,"href":"https:\/\/digitaltwinproject.eu\/it\/wp-json\/wp\/v2\/posts\/2382\/revisions\/2385"}],"wp:featuredmedia":[{"embeddable":true,"href":"https:\/\/digitaltwinproject.eu\/it\/wp-json\/wp\/v2\/media\/2383"}],"wp:attachment":[{"href":"https:\/\/digitaltwinproject.eu\/it\/wp-json\/wp\/v2\/media?parent=2382"}],"wp:term":[{"taxonomy":"category","embeddable":true,"href":"https:\/\/digitaltwinproject.eu\/it\/wp-json\/wp\/v2\/categories?post=2382"},{"taxonomy":"post_tag","embeddable":true,"href":"https:\/\/digitaltwinproject.eu\/it\/wp-json\/wp\/v2\/tags?post=2382"}],"curies":[{"name":"parola chiave","href":"https:\/\/api.w.org\/{rel}","templated":true}]}}