{"id":2264,"date":"2025-09-16T13:06:05","date_gmt":"2025-09-16T10:06:05","guid":{"rendered":"https:\/\/digitaltwinproject.eu\/?p=2264"},"modified":"2025-09-25T15:57:08","modified_gmt":"2025-09-25T12:57:08","slug":"digital-twin-on-smart-manufacturing-project-moves-into-pilot-and-skill-competition-phase","status":"publish","type":"post","link":"https:\/\/digitaltwinproject.eu\/sv\/digital-twin-on-smart-manufacturing-project-moves-into-pilot-and-skill-competition-phase\/","title":{"rendered":"Digital tvilling i smart tillverkningsprojekt g\u00e5r in i pilot- och kompetenst\u00e4vlingsfas"},"content":{"rendered":"<p class=\"wp-block-paragraph\">Erasmus+-projektet&nbsp;<strong>Digital Twin p\u00e5 Smart Manufacturing<\/strong>&nbsp;har n\u00e5tt ett sp\u00e4nnande nytt skede. Den 17\u201318 september 2025 samlades projektkonsortiet i Ruse, Bulgarien, under ledning av Ruse handelskammare, en av projektpartnerna. M\u00f6tet markerade \u00f6verg\u00e5ngen fr\u00e5n utveckling till implementering och lade grunden f\u00f6r pilotaktiviteterna och de kommande f\u00e4rdighetst\u00e4vlingarna.<\/p>\n\n\n\n<p class=\"wp-block-paragraph\">Under de senaste m\u00e5naderna har partnerna arbetat intensivt med att utforma och f\u00e4rdigst\u00e4lla innovativa utbildningsmaterial. Resultaten \u00e4r imponerande.<strong>mer \u00e4n 450 timmar h\u00f6gkvalitativt utbildningsinneh\u00e5ll f\u00f6r studenter och arbetstagare som \u00e4r ivriga att f\u00e5 f\u00e4rdigheter inom digitala tvillingtekniker<\/strong>Eftersom kursen ges online har s\u00e4rskild vikt l\u00e4ggts vid interaktivitet och engagemang. Multimediaresurser, animationer och simuleringar har integrerats f\u00f6r att s\u00e4kerst\u00e4lla att eleverna f\u00f6rblir motiverade och engagerade under hela sin resa.<\/p>\n\n\n\n<p class=\"wp-block-paragraph\">Parallellt med de digitala resurserna har konsortiet \u00e4ven etablerat\u00a0<strong>fem fysiska Digital Twin-laboratorier i Italien, Spanien, Grekland, Bulgarien och Sverige<\/strong>Dessa laborationer ger eleverna praktiska m\u00f6jligheter att uppleva smarta tillverkningsprocesser som st\u00f6ds av Digital Twin-teknik. Som ett komplement till dem,\u00a0<strong>virtuella labb har ocks\u00e5 utvecklats<\/strong>, vilket s\u00e4kerst\u00e4ller att vem som helst (oavsett plats) kan f\u00e5 tillg\u00e5ng till utbildning och praktik med hj\u00e4lp av toppmoderna verktyg. Tillsammans skapar dessa resurser ett inkluderande l\u00e4randeekosystem som blandar teori med verklig till\u00e4mpning.<\/p>\n\n\n\n<p class=\"wp-block-paragraph\">N\u00e4sta stora milstolpe \u00e4r&nbsp;<strong>pilotfas<\/strong>, planerad att starta i mitten av november 2025. Vid den tidpunkten kommer projektets online-inl\u00e4rningsplattform att \u00f6ppna sina d\u00f6rrar f\u00f6r fler \u00e4n 500 deltagare. Detta pilotprojekt kommer att vara en avg\u00f6rande testplats, d\u00e4r eleverna kan utforska kursen och ge feedback p\u00e5 inneh\u00e5ll, anv\u00e4ndbarhet och den \u00f6vergripande inl\u00e4rningsupplevelsen. Deras insikter kommer att hj\u00e4lpa konsortiet att finjustera och ytterligare f\u00f6rb\u00e4ttra materialet, vilket s\u00e4kerst\u00e4ller att den slutliga versionen blir s\u00e5 effektiv och effektfull som m\u00f6jligt.<\/p>\n\n\n\n<p class=\"wp-block-paragraph\">Fram\u00f6ver kommer projektet att kulminera i en serie\u00a0<strong>skicklighetst\u00e4vlingar<\/strong>Med b\u00f6rjan omkring maj 2026 kommer nationella t\u00e4vlingar att anordnas i de fem partnerl\u00e4nderna, med deltagande \u00e4ven \u00f6ppet f\u00f6r elever fr\u00e5n andra l\u00e4nder. Dessa t\u00e4vlingar kommer att visa upp f\u00f6rm\u00e5gorna hos framtida yrkesverksamma som \u00e4r utbildade inom digitala tvillingtekniker, samtidigt som de \u00f6kar medvetenheten om de f\u00e4rdigheter som kr\u00e4vs inom modern smart tillverkning.<\/p>\n\n\n\n<p class=\"wp-block-paragraph\">Vinnarna i varje nationell t\u00e4vling g\u00e5r vidare till&nbsp;<strong>Internationell skicklighetst\u00e4vling<\/strong>, som arrangeras av projektkoordinatorn Apro Formazione (Italien), h\u00f6sten 2026. Detta evenemang blir projektets h\u00f6jdpunkt och ger en m\u00f6jlighet att fira prestationer, utbyta erfarenheter och fr\u00e4mja spetskompetens inom digital kompetensutbildning p\u00e5 europeisk niv\u00e5.<\/p>\n\n\n\n<p class=\"wp-block-paragraph\">Under de kommande veckorna kommer flera spridningskonferenser att anordnas i partnerl\u00e4nderna. Vid dessa evenemang kommer mer information om pilotprojektets lansering och kompetenst\u00e4vlingarna att delas, vilket ger intressenter och intresserade deltagare en chans att l\u00e4ra sig om de m\u00f6jligheter som ligger framf\u00f6r oss.<\/p>\n\n\n\n<p class=\"wp-block-paragraph\">Projektet Digital Twin on Smart Manufacturing bygger inte bara innovativa utbildningsv\u00e4gar utan fr\u00e4mjar ocks\u00e5 en europeisk gemenskap av skickliga yrkesverksamma som \u00e4r redo att anamma industrins framtid.<\/p>\n\n\n\n<p class=\"wp-block-paragraph\">H\u00e5ll utkik efter fler uppdateringar \u2013 v\u00e5r resa in i n\u00e4sta fas har precis b\u00f6rjat!<\/p>","protected":false},"excerpt":{"rendered":"<p>Erasmus+-projektet Digital Twin om smart tillverkning har n\u00e5tt en sp\u00e4nnande ny fas. Den 17\u201318 september 2025 samlades projektkonsortiet\u2026<\/p>","protected":false},"author":10,"featured_media":2268,"comment_status":"open","ping_status":"","sticky":false,"template":"","format":"standard","meta":{"_acf_changed":false,"_kad_blocks_custom_css":"","_kad_blocks_head_custom_js":"","_kad_blocks_body_custom_js":"","_kad_blocks_footer_custom_js":"","_kad_post_transparent":"","_kad_post_title":"","_kad_post_layout":"","_kad_post_sidebar_id":"","_kad_post_content_style":"","_kad_post_vertical_padding":"","_kad_post_feature":"","_kad_post_feature_position":"","_kad_post_header":false,"_kad_post_footer":false,"_kad_post_classname":"","footnotes":""},"categories":[75],"tags":[],"class_list":["post-2264","post","type-post","status-publish","format-standard","has-post-thumbnail","hentry","category-project-news"],"acf":[],"taxonomy_info":{"category":[{"value":75,"label":"Project News"}]},"featured_image_src_large":["https:\/\/digitaltwinproject.eu\/wp-content\/uploads\/2025\/09\/PXL_20250917_065750275-1024x771.jpg",1024,771,true],"author_info":{"display_name":"Stefano Antona (APRO)","author_link":"https:\/\/digitaltwinproject.eu\/sv\/author\/s-antona\/"},"comment_info":0,"category_info":[{"term_id":75,"name":"Project News","slug":"project-news","term_group":0,"term_taxonomy_id":75,"taxonomy":"category","description":"","parent":0,"count":28,"filter":"raw","cat_ID":75,"category_count":28,"category_description":"","cat_name":"Project News","category_nicename":"project-news","category_parent":0}],"tag_info":false,"_links":{"self":[{"href":"https:\/\/digitaltwinproject.eu\/sv\/wp-json\/wp\/v2\/posts\/2264","targetHints":{"allow":["GET"]}}],"collection":[{"href":"https:\/\/digitaltwinproject.eu\/sv\/wp-json\/wp\/v2\/posts"}],"about":[{"href":"https:\/\/digitaltwinproject.eu\/sv\/wp-json\/wp\/v2\/types\/post"}],"author":[{"embeddable":true,"href":"https:\/\/digitaltwinproject.eu\/sv\/wp-json\/wp\/v2\/users\/10"}],"replies":[{"embeddable":true,"href":"https:\/\/digitaltwinproject.eu\/sv\/wp-json\/wp\/v2\/comments?post=2264"}],"version-history":[{"count":3,"href":"https:\/\/digitaltwinproject.eu\/sv\/wp-json\/wp\/v2\/posts\/2264\/revisions"}],"predecessor-version":[{"id":2269,"href":"https:\/\/digitaltwinproject.eu\/sv\/wp-json\/wp\/v2\/posts\/2264\/revisions\/2269"}],"wp:featuredmedia":[{"embeddable":true,"href":"https:\/\/digitaltwinproject.eu\/sv\/wp-json\/wp\/v2\/media\/2268"}],"wp:attachment":[{"href":"https:\/\/digitaltwinproject.eu\/sv\/wp-json\/wp\/v2\/media?parent=2264"}],"wp:term":[{"taxonomy":"category","embeddable":true,"href":"https:\/\/digitaltwinproject.eu\/sv\/wp-json\/wp\/v2\/categories?post=2264"},{"taxonomy":"post_tag","embeddable":true,"href":"https:\/\/digitaltwinproject.eu\/sv\/wp-json\/wp\/v2\/tags?post=2264"}],"curies":[{"name":"wp","href":"https:\/\/api.w.org\/{rel}","templated":true}]}}